{"id":1493,"date":"2021-12-02T16:27:17","date_gmt":"2021-12-02T22:27:17","guid":{"rendered":"https:\/\/www.elhuertorestaurant.com\/?p=1493"},"modified":"2021-12-03T13:19:21","modified_gmt":"2021-12-03T19:19:21","slug":"dia-de-muertos","status":"publish","type":"post","link":"https:\/\/elhuertorestaurant.com\/es\/dia-de-muertos\/","title":{"rendered":"Dia de muertos"},"content":{"rendered":"<div data-elementor-type=\"wp-post\" data-elementor-id=\"1493\" class=\"elementor elementor-1493\" data-elementor-post-type=\"post\">\n\t\t\t\t\t\t<section class=\"elementor-section elementor-top-section elementor-element elementor-element-6488cf8 elementor-section-boxed elementor-section-height-default elementor-section-height-default\" data-id=\"6488cf8\" data-element_type=\"section\" data-settings=\"{&quot;jet_parallax_layout_list&quot;:[{&quot;jet_parallax_layout_image&quot;:{&quot;url&quot;:&quot;&quot;,&quot;id&quot;:&quot;&quot;,&quot;size&quot;:&quot;&quot;},&quot;_id&quot;:&quot;4b7f41f&quot;,&quot;jet_parallax_layout_speed&quot;:{&quot;unit&quot;:&quot;%&quot;,&quot;size&quot;:&quot;50&quot;,&quot;sizes&quot;:[]},&quot;jet_parallax_layout_bg_x&quot;:&quot;50&quot;,&quot;jet_parallax_layout_bg_y&quot;:&quot;50&quot;,&quot;jet_parallax_layout_image_tablet&quot;:{&quot;url&quot;:&quot;&quot;,&quot;id&quot;:&quot;&quot;,&quot;size&quot;:&quot;&quot;},&quot;jet_parallax_layout_image_mobile&quot;:{&quot;url&quot;:&quot;&quot;,&quot;id&quot;:&quot;&quot;,&quot;size&quot;:&quot;&quot;},&quot;jet_parallax_layout_type&quot;:&quot;scroll&quot;,&quot;jet_parallax_layout_direction&quot;:&quot;1&quot;,&quot;jet_parallax_layout_fx_direction&quot;:null,&quot;jet_parallax_layout_z_index&quot;:&quot;&quot;,&quot;jet_parallax_layout_bg_x_tablet&quot;:&quot;&quot;,&quot;jet_parallax_layout_bg_x_mobile&quot;:&quot;&quot;,&quot;jet_parallax_layout_bg_y_tablet&quot;:&quot;&quot;,&quot;jet_parallax_layout_bg_y_mobile&quot;:&quot;&quot;,&quot;jet_parallax_layout_bg_size&quot;:&quot;auto&quot;,&quot;jet_parallax_layout_bg_size_tablet&quot;:&quot;&quot;,&quot;jet_parallax_layout_bg_size_mobile&quot;:&quot;&quot;,&quot;jet_parallax_layout_animation_prop&quot;:&quot;transform&quot;,&quot;jet_parallax_layout_on&quot;:[&quot;desktop&quot;,&quot;tablet&quot;]}]}\">\n\t\t\t\t\t\t<div class=\"elementor-container elementor-column-gap-default\">\n\t\t\t\t\t<div class=\"elementor-column elementor-col-100 elementor-top-column elementor-element elementor-element-bbf70e0\" data-id=\"bbf70e0\" data-element_type=\"column\">\n\t\t\t<div class=\"elementor-widget-wrap elementor-element-populated\">\n\t\t\t\t\t\t<div class=\"elementor-element elementor-element-cb4ed95 elementor-drop-cap-yes elementor-drop-cap-view-stacked elementor-widget elementor-widget-text-editor\" data-id=\"cb4ed95\" data-element_type=\"widget\" data-settings=\"{&quot;drop_cap&quot;:&quot;yes&quot;}\" data-widget_type=\"text-editor.default\">\n\t\t\t\t<div class=\"elementor-widget-container\">\n\t\t\t\t\t\t\t\t\t<p dir=\"ltr\" style=\"line-height: 1.295; margin-top: 0pt; margin-bottom: 8pt;\"><span style=\"font-size: 11pt; font-family: Calibri,sans-serif; color: #000000; background-color: transparent; font-weight: 400; font-style: normal; font-variant: normal; text-decoration: none; vertical-align: baseline; white-space: pre-wrap;\">M\u00e9xico tiene una gran variedad de tradiciones y festividades y siempre est\u00e1 lleno de historia y cultura y sin duda el D\u00eda de Muertos es una de ellas.<\/span><\/p>\t\t\t\t\t\t\t\t<\/div>\n\t\t\t\t<\/div>\n\t\t\t\t<div class=\"elementor-element elementor-element-b58e5df elementor-widget elementor-widget-text-editor\" data-id=\"b58e5df\" data-element_type=\"widget\" data-widget_type=\"text-editor.default\">\n\t\t\t\t<div class=\"elementor-widget-container\">\n\t\t\t\t\t\t\t\t\t<p><span style=\"font-weight: 400;\">Sin duda, esta es una de las celebraciones m\u00e1s importantes de nuestro pa\u00eds y todos nuestros invitados disfrutaron de una experiencia \u00fanica, que estamos seguros nunca olvidar\u00e1n. Nuestros invitados pudieron ver en cada rinc\u00f3n la hermosa decoraci\u00f3n de esta festividad, como una gran ofrenda (altar de d\u00eda de muertos), hermosas catrinas y la ic\u00f3nica cempasuchil (flor de cal\u00e9ndula).<\/span><\/p>\t\t\t\t\t\t\t\t<\/div>\n\t\t\t\t<\/div>\n\t\t\t\t\t<\/div>\n\t\t<\/div>\n\t\t\t\t\t<\/div>\n\t\t<\/section>\n\t\t\t\t<section class=\"elementor-section elementor-top-section elementor-element elementor-element-87ccb22 elementor-section-boxed elementor-section-height-default elementor-section-height-default\" data-id=\"87ccb22\" data-element_type=\"section\" data-settings=\"{&quot;jet_parallax_layout_list&quot;:[{&quot;jet_parallax_layout_image&quot;:{&quot;url&quot;:&quot;&quot;,&quot;id&quot;:&quot;&quot;,&quot;size&quot;:&quot;&quot;},&quot;_id&quot;:&quot;7e73f34&quot;,&quot;jet_parallax_layout_image_tablet&quot;:{&quot;url&quot;:&quot;&quot;,&quot;id&quot;:&quot;&quot;,&quot;size&quot;:&quot;&quot;},&quot;jet_parallax_layout_image_mobile&quot;:{&quot;url&quot;:&quot;&quot;,&quot;id&quot;:&quot;&quot;,&quot;size&quot;:&quot;&quot;},&quot;jet_parallax_layout_speed&quot;:{&quot;unit&quot;:&quot;%&quot;,&quot;size&quot;:50,&quot;sizes&quot;:[]},&quot;jet_parallax_layout_type&quot;:&quot;scroll&quot;,&quot;jet_parallax_layout_direction&quot;:&quot;1&quot;,&quot;jet_parallax_layout_fx_direction&quot;:null,&quot;jet_parallax_layout_z_index&quot;:&quot;&quot;,&quot;jet_parallax_layout_bg_x&quot;:50,&quot;jet_parallax_layout_bg_x_tablet&quot;:&quot;&quot;,&quot;jet_parallax_layout_bg_x_mobile&quot;:&quot;&quot;,&quot;jet_parallax_layout_bg_y&quot;:50,&quot;jet_parallax_layout_bg_y_tablet&quot;:&quot;&quot;,&quot;jet_parallax_layout_bg_y_mobile&quot;:&quot;&quot;,&quot;jet_parallax_layout_bg_size&quot;:&quot;auto&quot;,&quot;jet_parallax_layout_bg_size_tablet&quot;:&quot;&quot;,&quot;jet_parallax_layout_bg_size_mobile&quot;:&quot;&quot;,&quot;jet_parallax_layout_animation_prop&quot;:&quot;transform&quot;,&quot;jet_parallax_layout_on&quot;:[&quot;desktop&quot;,&quot;tablet&quot;]}]}\">\n\t\t\t\t\t\t<div class=\"elementor-container elementor-column-gap-default\">\n\t\t\t\t\t<div class=\"elementor-column elementor-col-50 elementor-top-column elementor-element elementor-element-a56620b\" data-id=\"a56620b\" data-element_type=\"column\">\n\t\t\t<div class=\"elementor-widget-wrap elementor-element-populated\">\n\t\t\t\t\t\t<div class=\"elementor-element elementor-element-4c790c6 elementor-widget elementor-widget-text-editor\" data-id=\"4c790c6\" data-element_type=\"widget\" data-widget_type=\"text-editor.default\">\n\t\t\t\t<div class=\"elementor-widget-container\">\n\t\t\t\t\t\t\t\t\t<p><span style=\"font-weight: 400;\">Al caer la noche comenzaba la celebraci\u00f3n, los invitados llegaban ataviados con coloridos trajes y con la cara pintada como la tradicional catrina o catrin. Disfrutaron de refrescantes c\u00f3cteles y deliciosos aperitivos.<\/span><\/p>\n<p><span style=\"font-weight: 400;\">Uno de los mejores momentos de la noche fue cuando una \u201cescaramuza\u201d elegantemente vestida de Catrina montaba un hermoso caballo, guiando al mariachi mientras tocaba.\u00a0<\/span><\/p>\n<p><span style=\"font-weight: 400;\">Los invitados disfrutaron de un delicioso men\u00fa de 3 platos servido al estilo familiar, estaciones de comida en vivo y una incre\u00edble estaci\u00f3n de postres con un toque especial. \u00a1M\u00e1s de 400 caramelos, paletas heladas y churros colgantes!.<\/span><\/p>\t\t\t\t\t\t\t\t<\/div>\n\t\t\t\t<\/div>\n\t\t\t\t\t<\/div>\n\t\t<\/div>\n\t\t\t\t<div class=\"elementor-column elementor-col-50 elementor-top-column elementor-element elementor-element-277646a\" data-id=\"277646a\" data-element_type=\"column\" data-settings=\"{&quot;background_background&quot;:&quot;slideshow&quot;,&quot;background_slideshow_gallery&quot;:[{&quot;id&quot;:1497,&quot;url&quot;:&quot;https:\\\/\\\/elhuertorestaurant.com\\\/wp-content\\\/uploads\\\/2021\\\/12\\\/IMG_6102-scaled.jpg&quot;},{&quot;id&quot;:1498,&quot;url&quot;:&quot;https:\\\/\\\/elhuertorestaurant.com\\\/wp-content\\\/uploads\\\/2021\\\/12\\\/IMG_6105_1-scaled.jpg&quot;},{&quot;id&quot;:1499,&quot;url&quot;:&quot;https:\\\/\\\/elhuertorestaurant.com\\\/wp-content\\\/uploads\\\/2021\\\/12\\\/IMG_6146-scaled.jpg&quot;},{&quot;id&quot;:1500,&quot;url&quot;:&quot;https:\\\/\\\/elhuertorestaurant.com\\\/wp-content\\\/uploads\\\/2021\\\/12\\\/IMG_6205-scaled.jpg&quot;},{&quot;id&quot;:1502,&quot;url&quot;:&quot;https:\\\/\\\/elhuertorestaurant.com\\\/wp-content\\\/uploads\\\/2021\\\/12\\\/IMG_6292-scaled.jpg&quot;},{&quot;id&quot;:1503,&quot;url&quot;:&quot;https:\\\/\\\/elhuertorestaurant.com\\\/wp-content\\\/uploads\\\/2021\\\/12\\\/IMG_6318-scaled.jpg&quot;},{&quot;id&quot;:1504,&quot;url&quot;:&quot;https:\\\/\\\/elhuertorestaurant.com\\\/wp-content\\\/uploads\\\/2021\\\/12\\\/IMG_9715-scaled.jpg&quot;},{&quot;id&quot;:1505,&quot;url&quot;:&quot;https:\\\/\\\/elhuertorestaurant.com\\\/wp-content\\\/uploads\\\/2021\\\/12\\\/IMG_9739.jpg&quot;},{&quot;id&quot;:1506,&quot;url&quot;:&quot;https:\\\/\\\/elhuertorestaurant.com\\\/wp-content\\\/uploads\\\/2021\\\/12\\\/IMG_9749.jpg&quot;},{&quot;id&quot;:1507,&quot;url&quot;:&quot;https:\\\/\\\/elhuertorestaurant.com\\\/wp-content\\\/uploads\\\/2021\\\/12\\\/IMG_9769.jpg&quot;}],&quot;background_slideshow_transition_duration&quot;:300,&quot;background_slideshow_ken_burns&quot;:&quot;yes&quot;,&quot;background_slideshow_loop&quot;:&quot;yes&quot;,&quot;background_slideshow_slide_duration&quot;:5000,&quot;background_slideshow_slide_transition&quot;:&quot;fade&quot;,&quot;background_slideshow_ken_burns_zoom_direction&quot;:&quot;in&quot;}\">\n\t\t\t<div class=\"elementor-widget-wrap\">\n\t\t\t\t\t\t\t<\/div>\n\t\t<\/div>\n\t\t\t\t\t<\/div>\n\t\t<\/section>\n\t\t\t\t<section class=\"elementor-section elementor-top-section elementor-element elementor-element-b2787eb elementor-section-boxed elementor-section-height-default elementor-section-height-default\" data-id=\"b2787eb\" data-element_type=\"section\" data-settings=\"{&quot;jet_parallax_layout_list&quot;:[{&quot;jet_parallax_layout_image&quot;:{&quot;url&quot;:&quot;&quot;,&quot;id&quot;:&quot;&quot;,&quot;size&quot;:&quot;&quot;},&quot;_id&quot;:&quot;595d290&quot;,&quot;jet_parallax_layout_image_tablet&quot;:{&quot;url&quot;:&quot;&quot;,&quot;id&quot;:&quot;&quot;,&quot;size&quot;:&quot;&quot;},&quot;jet_parallax_layout_image_mobile&quot;:{&quot;url&quot;:&quot;&quot;,&quot;id&quot;:&quot;&quot;,&quot;size&quot;:&quot;&quot;},&quot;jet_parallax_layout_speed&quot;:{&quot;unit&quot;:&quot;%&quot;,&quot;size&quot;:50,&quot;sizes&quot;:[]},&quot;jet_parallax_layout_type&quot;:&quot;scroll&quot;,&quot;jet_parallax_layout_direction&quot;:&quot;1&quot;,&quot;jet_parallax_layout_fx_direction&quot;:null,&quot;jet_parallax_layout_z_index&quot;:&quot;&quot;,&quot;jet_parallax_layout_bg_x&quot;:50,&quot;jet_parallax_layout_bg_x_tablet&quot;:&quot;&quot;,&quot;jet_parallax_layout_bg_x_mobile&quot;:&quot;&quot;,&quot;jet_parallax_layout_bg_y&quot;:50,&quot;jet_parallax_layout_bg_y_tablet&quot;:&quot;&quot;,&quot;jet_parallax_layout_bg_y_mobile&quot;:&quot;&quot;,&quot;jet_parallax_layout_bg_size&quot;:&quot;auto&quot;,&quot;jet_parallax_layout_bg_size_tablet&quot;:&quot;&quot;,&quot;jet_parallax_layout_bg_size_mobile&quot;:&quot;&quot;,&quot;jet_parallax_layout_animation_prop&quot;:&quot;transform&quot;,&quot;jet_parallax_layout_on&quot;:[&quot;desktop&quot;,&quot;tablet&quot;]}]}\">\n\t\t\t\t\t\t<div class=\"elementor-container elementor-column-gap-default\">\n\t\t\t\t\t<div class=\"elementor-column elementor-col-100 elementor-top-column elementor-element elementor-element-23f4d79\" data-id=\"23f4d79\" data-element_type=\"column\">\n\t\t\t<div class=\"elementor-widget-wrap elementor-element-populated\">\n\t\t\t\t\t\t<div class=\"elementor-element elementor-element-b124f19 elementor-widget elementor-widget-text-editor\" data-id=\"b124f19\" data-element_type=\"widget\" data-widget_type=\"text-editor.default\">\n\t\t\t\t<div class=\"elementor-widget-container\">\n\t\t\t\t\t\t\t\t\t<p><span style=\"font-weight: 400;\">La noche estuvo amenizada con m\u00fasica en vivo. \u00a1un espect\u00e1culo de zancos, que termina con un espectacular espect\u00e1culo de fuegos artificiales!<\/span><\/p>\t\t\t\t\t\t\t\t<\/div>\n\t\t\t\t<\/div>\n\t\t\t\t<div class=\"elementor-element elementor-element-f55e51c elementor-widget elementor-widget-video\" data-id=\"f55e51c\" data-element_type=\"widget\" data-settings=\"{&quot;youtube_url&quot;:&quot;https:\\\/\\\/www.youtube.com\\\/watch?v=q7zlARwhQes&quot;,&quot;video_type&quot;:&quot;youtube&quot;,&quot;controls&quot;:&quot;yes&quot;}\" data-widget_type=\"video.default\">\n\t\t\t\t<div class=\"elementor-widget-container\">\n\t\t\t\t\t\t\t<div class=\"elementor-wrapper elementor-open-inline\">\n\t\t\t<div class=\"elementor-video\"><\/div>\t\t<\/div>\n\t\t\t\t\t\t<\/div>\n\t\t\t\t<\/div>\n\t\t\t\t\t<\/div>\n\t\t<\/div>\n\t\t\t\t\t<\/div>\n\t\t<\/section>\n\t\t\t\t<\/div>","protected":false},"excerpt":{"rendered":"<p>M\u00e9xico tiene una gran variedad de tradiciones y festividades y siempre est\u00e1 lleno de historia y cultura y sin duda el D\u00eda de Muertos es una de ellas. Sin duda, esta es una de las celebraciones m\u00e1s importantes de nuestro pa\u00eds y todos nuestros invitados disfrutaron de una experiencia \u00fanica, que estamos [\u2026]<\/p>","protected":false},"author":4,"featured_media":1508,"comment_status":"closed","ping_status":"closed","sticky":false,"template":"","format":"standard","meta":{"_acf_changed":false,"footnotes":""},"categories":[11],"tags":[],"class_list":["post-1493","post","type-post","status-publish","format-standard","has-post-thumbnail","hentry","category-blog"],"acf":[],"yoast_head":"<!-- This site is optimized with the Yoast SEO plugin v25.6 - https:\/\/yoast.com\/wordpress\/plugins\/seo\/ -->\n<title>D\u00eda de Muertos - El Huerto<\/title>\n<meta name=\"robots\" content=\"index, follow, max-snippet:-1, max-image-preview:large, max-video-preview:-1\" \/>\n<link rel=\"canonical\" href=\"https:\/\/elhuertorestaurant.com\/es\/dia-de-muertos\/\" \/>\n<meta property=\"og:locale\" content=\"es_MX\" \/>\n<meta property=\"og:type\" content=\"article\" \/>\n<meta property=\"og:title\" content=\"D\u00eda de Muertos - El Huerto\" \/>\n<meta property=\"og:description\" content=\"Mexico has a great variety of traditions and festivities and is always full of history and culture and without a doubt, the Day of the Dead is one of them. Without a doubt, this is one of the most important celebrations in our country and all our guests enjoyed a unique experience, which we are [&hellip;]\" \/>\n<meta property=\"og:url\" content=\"https:\/\/elhuertorestaurant.com\/es\/dia-de-muertos\/\" \/>\n<meta property=\"og:site_name\" content=\"El Huerto\" \/>\n<meta property=\"article:published_time\" content=\"2021-12-02T22:27:17+00:00\" \/>\n<meta property=\"article:modified_time\" content=\"2021-12-03T19:19:21+00:00\" \/>\n<meta property=\"og:image\" content=\"https:\/\/elhuertorestaurant.com\/wp-content\/uploads\/2021\/12\/IMG_9844-scaled.jpg\" \/>\n\t<meta property=\"og:image:width\" content=\"2560\" \/>\n\t<meta property=\"og:image:height\" content=\"1707\" \/>\n\t<meta property=\"og:image:type\" content=\"image\/jpeg\" \/>\n<meta name=\"author\" content=\"alavistamx\" \/>\n<meta name=\"twitter:card\" content=\"summary_large_image\" \/>\n<meta name=\"twitter:label1\" content=\"Escrito por\" \/>\n\t<meta name=\"twitter:data1\" content=\"alavistamx\" \/>\n\t<meta name=\"twitter:label2\" content=\"Tiempo de lectura\" \/>\n\t<meta name=\"twitter:data2\" content=\"1 minuto\" \/>\n<script type=\"application\/ld+json\" class=\"yoast-schema-graph\">{\"@context\":\"https:\/\/schema.org\",\"@graph\":[{\"@type\":\"WebPage\",\"@id\":\"https:\/\/elhuertorestaurant.com\/dia-de-muertos\/\",\"url\":\"https:\/\/elhuertorestaurant.com\/dia-de-muertos\/\",\"name\":\"D\u00eda de Muertos - El Huerto\",\"isPartOf\":{\"@id\":\"https:\/\/elhuertorestaurant.com\/#website\"},\"primaryImageOfPage\":{\"@id\":\"https:\/\/elhuertorestaurant.com\/dia-de-muertos\/#primaryimage\"},\"image\":{\"@id\":\"https:\/\/elhuertorestaurant.com\/dia-de-muertos\/#primaryimage\"},\"thumbnailUrl\":\"https:\/\/elhuertorestaurant.com\/wp-content\/uploads\/2021\/12\/IMG_9844-scaled.jpg\",\"datePublished\":\"2021-12-02T22:27:17+00:00\",\"dateModified\":\"2021-12-03T19:19:21+00:00\",\"author\":{\"@id\":\"https:\/\/elhuertorestaurant.com\/#\/schema\/person\/6ed9fcaa5426c2318f323898f50ed486\"},\"breadcrumb\":{\"@id\":\"https:\/\/elhuertorestaurant.com\/dia-de-muertos\/#breadcrumb\"},\"inLanguage\":\"es\",\"potentialAction\":[{\"@type\":\"ReadAction\",\"target\":[\"https:\/\/elhuertorestaurant.com\/dia-de-muertos\/\"]}]},{\"@type\":\"ImageObject\",\"inLanguage\":\"es\",\"@id\":\"https:\/\/elhuertorestaurant.com\/dia-de-muertos\/#primaryimage\",\"url\":\"https:\/\/elhuertorestaurant.com\/wp-content\/uploads\/2021\/12\/IMG_9844-scaled.jpg\",\"contentUrl\":\"https:\/\/elhuertorestaurant.com\/wp-content\/uploads\/2021\/12\/IMG_9844-scaled.jpg\",\"width\":2560,\"height\":1707},{\"@type\":\"BreadcrumbList\",\"@id\":\"https:\/\/elhuertorestaurant.com\/dia-de-muertos\/#breadcrumb\",\"itemListElement\":[{\"@type\":\"ListItem\",\"position\":1,\"name\":\"Home\",\"item\":\"https:\/\/elhuertorestaurant.com\/\"},{\"@type\":\"ListItem\",\"position\":2,\"name\":\"D\u00eda de Muertos\"}]},{\"@type\":\"WebSite\",\"@id\":\"https:\/\/elhuertorestaurant.com\/#website\",\"url\":\"https:\/\/elhuertorestaurant.com\/\",\"name\":\"El Huerto\",\"description\":\"Farm To Table Restaurant\",\"potentialAction\":[{\"@type\":\"SearchAction\",\"target\":{\"@type\":\"EntryPoint\",\"urlTemplate\":\"https:\/\/elhuertorestaurant.com\/?s={search_term_string}\"},\"query-input\":{\"@type\":\"PropertyValueSpecification\",\"valueRequired\":true,\"valueName\":\"search_term_string\"}}],\"inLanguage\":\"es\"},{\"@type\":\"Person\",\"@id\":\"https:\/\/elhuertorestaurant.com\/#\/schema\/person\/6ed9fcaa5426c2318f323898f50ed486\",\"name\":\"alavistamx\"}]}<\/script>\n<!-- \/ Yoast SEO plugin. -->","yoast_head_json":{"title":"D\u00eda de Muertos - El Huerto","robots":{"index":"index","follow":"follow","max-snippet":"max-snippet:-1","max-image-preview":"max-image-preview:large","max-video-preview":"max-video-preview:-1"},"canonical":"https:\/\/elhuertorestaurant.com\/es\/dia-de-muertos\/","og_locale":"es_MX","og_type":"article","og_title":"D\u00eda de Muertos - El Huerto","og_description":"Mexico has a great variety of traditions and festivities and is always full of history and culture and without a doubt, the Day of the Dead is one of them. Without a doubt, this is one of the most important celebrations in our country and all our guests enjoyed a unique experience, which we are [&hellip;]","og_url":"https:\/\/elhuertorestaurant.com\/es\/dia-de-muertos\/","og_site_name":"El Huerto","article_published_time":"2021-12-02T22:27:17+00:00","article_modified_time":"2021-12-03T19:19:21+00:00","og_image":[{"width":2560,"height":1707,"url":"https:\/\/elhuertorestaurant.com\/wp-content\/uploads\/2021\/12\/IMG_9844-scaled.jpg","type":"image\/jpeg"}],"author":"alavistamx","twitter_card":"summary_large_image","twitter_misc":{"Escrito por":"alavistamx","Tiempo de lectura":"1 minuto"},"schema":{"@context":"https:\/\/schema.org","@graph":[{"@type":"WebPage","@id":"https:\/\/elhuertorestaurant.com\/dia-de-muertos\/","url":"https:\/\/elhuertorestaurant.com\/dia-de-muertos\/","name":"D\u00eda de Muertos - El Huerto","isPartOf":{"@id":"https:\/\/elhuertorestaurant.com\/#website"},"primaryImageOfPage":{"@id":"https:\/\/elhuertorestaurant.com\/dia-de-muertos\/#primaryimage"},"image":{"@id":"https:\/\/elhuertorestaurant.com\/dia-de-muertos\/#primaryimage"},"thumbnailUrl":"https:\/\/elhuertorestaurant.com\/wp-content\/uploads\/2021\/12\/IMG_9844-scaled.jpg","datePublished":"2021-12-02T22:27:17+00:00","dateModified":"2021-12-03T19:19:21+00:00","author":{"@id":"https:\/\/elhuertorestaurant.com\/#\/schema\/person\/6ed9fcaa5426c2318f323898f50ed486"},"breadcrumb":{"@id":"https:\/\/elhuertorestaurant.com\/dia-de-muertos\/#breadcrumb"},"inLanguage":"es","potentialAction":[{"@type":"ReadAction","target":["https:\/\/elhuertorestaurant.com\/dia-de-muertos\/"]}]},{"@type":"ImageObject","inLanguage":"es","@id":"https:\/\/elhuertorestaurant.com\/dia-de-muertos\/#primaryimage","url":"https:\/\/elhuertorestaurant.com\/wp-content\/uploads\/2021\/12\/IMG_9844-scaled.jpg","contentUrl":"https:\/\/elhuertorestaurant.com\/wp-content\/uploads\/2021\/12\/IMG_9844-scaled.jpg","width":2560,"height":1707},{"@type":"BreadcrumbList","@id":"https:\/\/elhuertorestaurant.com\/dia-de-muertos\/#breadcrumb","itemListElement":[{"@type":"ListItem","position":1,"name":"Home","item":"https:\/\/elhuertorestaurant.com\/"},{"@type":"ListItem","position":2,"name":"D\u00eda de Muertos"}]},{"@type":"WebSite","@id":"https:\/\/elhuertorestaurant.com\/#website","url":"https:\/\/elhuertorestaurant.com\/","name":"El Huerto","description":"Restaurante de la granja a la mesa","potentialAction":[{"@type":"SearchAction","target":{"@type":"EntryPoint","urlTemplate":"https:\/\/elhuertorestaurant.com\/?s={search_term_string}"},"query-input":{"@type":"PropertyValueSpecification","valueRequired":true,"valueName":"search_term_string"}}],"inLanguage":"es"},{"@type":"Person","@id":"https:\/\/elhuertorestaurant.com\/#\/schema\/person\/6ed9fcaa5426c2318f323898f50ed486","name":"alavistamx"}]}},"_links":{"self":[{"href":"https:\/\/elhuertorestaurant.com\/es\/wp-json\/wp\/v2\/posts\/1493","targetHints":{"allow":["GET"]}}],"collection":[{"href":"https:\/\/elhuertorestaurant.com\/es\/wp-json\/wp\/v2\/posts"}],"about":[{"href":"https:\/\/elhuertorestaurant.com\/es\/wp-json\/wp\/v2\/types\/post"}],"author":[{"embeddable":true,"href":"https:\/\/elhuertorestaurant.com\/es\/wp-json\/wp\/v2\/users\/4"}],"replies":[{"embeddable":true,"href":"https:\/\/elhuertorestaurant.com\/es\/wp-json\/wp\/v2\/comments?post=1493"}],"version-history":[{"count":0,"href":"https:\/\/elhuertorestaurant.com\/es\/wp-json\/wp\/v2\/posts\/1493\/revisions"}],"wp:featuredmedia":[{"embeddable":true,"href":"https:\/\/elhuertorestaurant.com\/es\/wp-json\/wp\/v2\/media\/1508"}],"wp:attachment":[{"href":"https:\/\/elhuertorestaurant.com\/es\/wp-json\/wp\/v2\/media?parent=1493"}],"wp:term":[{"taxonomy":"category","embeddable":true,"href":"https:\/\/elhuertorestaurant.com\/es\/wp-json\/wp\/v2\/categories?post=1493"},{"taxonomy":"post_tag","embeddable":true,"href":"https:\/\/elhuertorestaurant.com\/es\/wp-json\/wp\/v2\/tags?post=1493"}],"curies":[{"name":"wp","href":"https:\/\/api.w.org\/{rel}","templated":true}]}}